{"id":27327,"date":"2021-12-29T11:52:09","date_gmt":"2021-12-29T10:52:09","guid":{"rendered":"https:\/\/kps-law.com\/2022\/01\/03\/martina-visnjic-schliesst-sich-kps-an\/"},"modified":"2022-01-03T11:52:42","modified_gmt":"2022-01-03T10:52:42","slug":"martina-visnjic-schliesst-sich-kps-an","status":"publish","type":"post","link":"https:\/\/kps-law.com\/de\/2021\/12\/29\/martina-visnjic-schliesst-sich-kps-an\/","title":{"rendered":"Martina Vi\u0161nji\u0107 schlie\u00dft sich KPS an"},"content":{"rendered":"\n<p>Martina Vi\u0161nji\u0107 schlie\u00dft sich dem KPS-Team als Rechtsreferendarin mit Anwaltsexamen an. W\u00e4hrend ihres Studiums war Martina Mentorin der Gruppe f\u00fcr den Schutz der Rechte von Arbeitnehmern an der Law Clinic der Juristischen Fakult\u00e4t in Zagreb. Als Rechtsreferendarin arbeitete sie in renommierten Anwaltskanzleien, bei denen sie im Zivil-, Immobilien-, Unternehmens- und Arbeitsrecht t\u00e4tig war. Wir sind uns sicher, dass Martina unsere Anwaltskanzlei mit ihrer Erfahrung und ihrer Bereitschaft zum Erwerb neuer Kenntnisse bereichern wird.&#13;\nWir hei\u00dfen Sie herzlich willkommen!&#13;\n<\/p>\n","protected":false},"excerpt":{"rendered":"<p>Martina Vi\u0161nji\u0107 schlie\u00dft sich dem KPS-Team als Rechtsreferendarin mit Anwaltsexamen an. W\u00e4hrend ihres Studiums war Martina Mentorin der Gruppe f\u00fcr den Schutz der Rechte von Arbeitnehmern an der Law Clinic&#8230;<\/p>\n","protected":false},"author":3,"featured_media":27324,"comment_status":"closed","ping_status":"closed","sticky":false,"template":"","format":"standard","meta":{"footnotes":""},"categories":[256],"tags":[],"yoast_head":"<!-- This site is optimized with the Yoast SEO plugin v22.1 - https:\/\/yoast.com\/wordpress\/plugins\/seo\/ -->\n<title>Martina Vi\u0161nji\u0107 schlie\u00dft sich KPS an - Kova\u010devi\u0107 Prpi\u0107 Simeunovi\u0107<\/title>\n<meta name=\"robots\" content=\"index, follow, max-snippet:-1, max-image-preview:large, max-video-preview:-1\" \/>\n<link rel=\"canonical\" href=\"https:\/\/kps-law.com\/2021\/12\/29\/martina-visnjic-se-pridruzuje-kps-u\/\" \/>\n<meta property=\"og:locale\" content=\"de_DE\" \/>\n<meta property=\"og:type\" content=\"article\" \/>\n<meta property=\"og:title\" content=\"Martina Vi\u0161nji\u0107 schlie\u00dft sich KPS an - Kova\u010devi\u0107 Prpi\u0107 Simeunovi\u0107\" \/>\n<meta property=\"og:description\" content=\"Martina Vi\u0161nji\u0107 schlie\u00dft sich dem KPS-Team als Rechtsreferendarin mit Anwaltsexamen an. W\u00e4hrend ihres Studiums war Martina Mentorin der Gruppe f\u00fcr den Schutz der Rechte von Arbeitnehmern an der Law Clinic...\" \/>\n<meta property=\"og:url\" content=\"https:\/\/kps-law.com\/2021\/12\/29\/martina-visnjic-se-pridruzuje-kps-u\/\" \/>\n<meta property=\"og:site_name\" content=\"Kova\u010devi\u0107 Prpi\u0107 Simeunovi\u0107\" \/>\n<meta property=\"article:published_time\" content=\"2021-12-29T10:52:09+00:00\" \/>\n<meta property=\"article:modified_time\" content=\"2022-01-03T10:52:42+00:00\" \/>\n<meta property=\"og:image\" content=\"https:\/\/kps-law.com\/wp-content\/uploads\/2022\/01\/vijesti-MVisnjic-2.jpg\" \/>\n\t<meta property=\"og:image:width\" content=\"1700\" \/>\n\t<meta property=\"og:image:height\" content=\"1145\" \/>\n\t<meta property=\"og:image:type\" content=\"image\/jpeg\" \/>\n<meta name=\"author\" content=\"klwadmin\" \/>\n<meta name=\"twitter:card\" content=\"summary_large_image\" \/>\n<meta name=\"twitter:label1\" content=\"Verfasst von\" \/>\n\t<meta name=\"twitter:data1\" content=\"klwadmin\" \/>\n<script type=\"application\/ld+json\" class=\"yoast-schema-graph\">{\"@context\":\"https:\/\/schema.org\",\"@graph\":[{\"@type\":\"Article\",\"@id\":\"https:\/\/kps-law.com\/2021\/12\/29\/martina-visnjic-se-pridruzuje-kps-u\/#article\",\"isPartOf\":{\"@id\":\"https:\/\/kps-law.com\/2021\/12\/29\/martina-visnjic-se-pridruzuje-kps-u\/\"},\"author\":{\"name\":\"klwadmin\",\"@id\":\"https:\/\/kps-law.com\/en\/#\/schema\/person\/436930b7be67bab30d4e1bfb0e62c54e\"},\"headline\":\"Martina Vi\u0161nji\u0107 schlie\u00dft sich KPS an\",\"datePublished\":\"2021-12-29T10:52:09+00:00\",\"dateModified\":\"2022-01-03T10:52:42+00:00\",\"mainEntityOfPage\":{\"@id\":\"https:\/\/kps-law.com\/2021\/12\/29\/martina-visnjic-se-pridruzuje-kps-u\/\"},\"wordCount\":93,\"publisher\":{\"@id\":\"https:\/\/kps-law.com\/en\/#organization\"},\"articleSection\":[\"Neuigkeiten\"],\"inLanguage\":\"de\"},{\"@type\":\"WebPage\",\"@id\":\"https:\/\/kps-law.com\/2021\/12\/29\/martina-visnjic-se-pridruzuje-kps-u\/\",\"url\":\"https:\/\/kps-law.com\/2021\/12\/29\/martina-visnjic-se-pridruzuje-kps-u\/\",\"name\":\"Martina Vi\u0161nji\u0107 schlie\u00dft sich KPS an - Kova\u010devi\u0107 Prpi\u0107 Simeunovi\u0107\",\"isPartOf\":{\"@id\":\"https:\/\/kps-law.com\/en\/#website\"},\"datePublished\":\"2021-12-29T10:52:09+00:00\",\"dateModified\":\"2022-01-03T10:52:42+00:00\",\"breadcrumb\":{\"@id\":\"https:\/\/kps-law.com\/2021\/12\/29\/martina-visnjic-se-pridruzuje-kps-u\/#breadcrumb\"},\"inLanguage\":\"de\",\"potentialAction\":[{\"@type\":\"ReadAction\",\"target\":[\"https:\/\/kps-law.com\/2021\/12\/29\/martina-visnjic-se-pridruzuje-kps-u\/\"]}]},{\"@type\":\"BreadcrumbList\",\"@id\":\"https:\/\/kps-law.com\/2021\/12\/29\/martina-visnjic-se-pridruzuje-kps-u\/#breadcrumb\",\"itemListElement\":[{\"@type\":\"ListItem\",\"position\":1,\"name\":\"Po\u010detna stranica\",\"item\":\"https:\/\/kps-law.com\/de\/\"},{\"@type\":\"ListItem\",\"position\":2,\"name\":\"Martina Vi\u0161nji\u0107 schlie\u00dft sich KPS an\"}]},{\"@type\":\"WebSite\",\"@id\":\"https:\/\/kps-law.com\/en\/#website\",\"url\":\"https:\/\/kps-law.com\/en\/\",\"name\":\"Kova\u010devi\u0107 Prpi\u0107 Simeunovi\u0107\",\"description\":\"Odvjetni\u010dko dru\u0161tvo \/ Law firm\",\"publisher\":{\"@id\":\"https:\/\/kps-law.com\/en\/#organization\"},\"potentialAction\":[{\"@type\":\"SearchAction\",\"target\":{\"@type\":\"EntryPoint\",\"urlTemplate\":\"https:\/\/kps-law.com\/en\/?s={search_term_string}\"},\"query-input\":\"required name=search_term_string\"}],\"inLanguage\":\"de\"},{\"@type\":\"Organization\",\"@id\":\"https:\/\/kps-law.com\/en\/#organization\",\"name\":\"KPS Kova\u010devi\u0107 Prpi\u0107 Simeunovi\u0107\",\"url\":\"https:\/\/kps-law.com\/en\/\",\"logo\":{\"@type\":\"ImageObject\",\"inLanguage\":\"de\",\"@id\":\"https:\/\/kps-law.com\/en\/#\/schema\/logo\/image\/\",\"url\":\"https:\/\/kps-law.com\/wp-content\/uploads\/2019\/11\/logo-KPS-2x-dark.png\",\"contentUrl\":\"https:\/\/kps-law.com\/wp-content\/uploads\/2019\/11\/logo-KPS-2x-dark.png\",\"width\":724,\"height\":140,\"caption\":\"KPS Kova\u010devi\u0107 Prpi\u0107 Simeunovi\u0107\"},\"image\":{\"@id\":\"https:\/\/kps-law.com\/en\/#\/schema\/logo\/image\/\"},\"sameAs\":[\"https:\/\/www.linkedin.com\/company\/kova\u010devi\u0107-prpi\u0107-simeunovi\u0107\/\"]},{\"@type\":\"Person\",\"@id\":\"https:\/\/kps-law.com\/en\/#\/schema\/person\/436930b7be67bab30d4e1bfb0e62c54e\",\"name\":\"klwadmin\",\"url\":\"https:\/\/kps-law.com\/de\/author\/klwadmin\/\"}]}<\/script>\n<!-- \/ Yoast SEO plugin. -->","yoast_head_json":{"title":"Martina Vi\u0161nji\u0107 schlie\u00dft sich KPS an - Kova\u010devi\u0107 Prpi\u0107 Simeunovi\u0107","robots":{"index":"index","follow":"follow","max-snippet":"max-snippet:-1","max-image-preview":"max-image-preview:large","max-video-preview":"max-video-preview:-1"},"canonical":"https:\/\/kps-law.com\/2021\/12\/29\/martina-visnjic-se-pridruzuje-kps-u\/","og_locale":"de_DE","og_type":"article","og_title":"Martina Vi\u0161nji\u0107 schlie\u00dft sich KPS an - Kova\u010devi\u0107 Prpi\u0107 Simeunovi\u0107","og_description":"Martina Vi\u0161nji\u0107 schlie\u00dft sich dem KPS-Team als Rechtsreferendarin mit Anwaltsexamen an. W\u00e4hrend ihres Studiums war Martina Mentorin der Gruppe f\u00fcr den Schutz der Rechte von Arbeitnehmern an der Law Clinic...","og_url":"https:\/\/kps-law.com\/2021\/12\/29\/martina-visnjic-se-pridruzuje-kps-u\/","og_site_name":"Kova\u010devi\u0107 Prpi\u0107 Simeunovi\u0107","article_published_time":"2021-12-29T10:52:09+00:00","article_modified_time":"2022-01-03T10:52:42+00:00","og_image":[{"width":1700,"height":1145,"url":"https:\/\/kps-law.com\/wp-content\/uploads\/2022\/01\/vijesti-MVisnjic-2.jpg","type":"image\/jpeg"}],"author":"klwadmin","twitter_card":"summary_large_image","twitter_misc":{"Verfasst von":"klwadmin"},"schema":{"@context":"https:\/\/schema.org","@graph":[{"@type":"Article","@id":"https:\/\/kps-law.com\/2021\/12\/29\/martina-visnjic-se-pridruzuje-kps-u\/#article","isPartOf":{"@id":"https:\/\/kps-law.com\/2021\/12\/29\/martina-visnjic-se-pridruzuje-kps-u\/"},"author":{"name":"klwadmin","@id":"https:\/\/kps-law.com\/en\/#\/schema\/person\/436930b7be67bab30d4e1bfb0e62c54e"},"headline":"Martina Vi\u0161nji\u0107 schlie\u00dft sich KPS an","datePublished":"2021-12-29T10:52:09+00:00","dateModified":"2022-01-03T10:52:42+00:00","mainEntityOfPage":{"@id":"https:\/\/kps-law.com\/2021\/12\/29\/martina-visnjic-se-pridruzuje-kps-u\/"},"wordCount":93,"publisher":{"@id":"https:\/\/kps-law.com\/en\/#organization"},"articleSection":["Neuigkeiten"],"inLanguage":"de"},{"@type":"WebPage","@id":"https:\/\/kps-law.com\/2021\/12\/29\/martina-visnjic-se-pridruzuje-kps-u\/","url":"https:\/\/kps-law.com\/2021\/12\/29\/martina-visnjic-se-pridruzuje-kps-u\/","name":"Martina Vi\u0161nji\u0107 schlie\u00dft sich KPS an - Kova\u010devi\u0107 Prpi\u0107 Simeunovi\u0107","isPartOf":{"@id":"https:\/\/kps-law.com\/en\/#website"},"datePublished":"2021-12-29T10:52:09+00:00","dateModified":"2022-01-03T10:52:42+00:00","breadcrumb":{"@id":"https:\/\/kps-law.com\/2021\/12\/29\/martina-visnjic-se-pridruzuje-kps-u\/#breadcrumb"},"inLanguage":"de","potentialAction":[{"@type":"ReadAction","target":["https:\/\/kps-law.com\/2021\/12\/29\/martina-visnjic-se-pridruzuje-kps-u\/"]}]},{"@type":"BreadcrumbList","@id":"https:\/\/kps-law.com\/2021\/12\/29\/martina-visnjic-se-pridruzuje-kps-u\/#breadcrumb","itemListElement":[{"@type":"ListItem","position":1,"name":"Po\u010detna stranica","item":"https:\/\/kps-law.com\/de\/"},{"@type":"ListItem","position":2,"name":"Martina Vi\u0161nji\u0107 schlie\u00dft sich KPS an"}]},{"@type":"WebSite","@id":"https:\/\/kps-law.com\/en\/#website","url":"https:\/\/kps-law.com\/en\/","name":"Kova\u010devi\u0107 Prpi\u0107 Simeunovi\u0107","description":"Odvjetni\u010dko dru\u0161tvo \/ Law firm","publisher":{"@id":"https:\/\/kps-law.com\/en\/#organization"},"potentialAction":[{"@type":"SearchAction","target":{"@type":"EntryPoint","urlTemplate":"https:\/\/kps-law.com\/en\/?s={search_term_string}"},"query-input":"required name=search_term_string"}],"inLanguage":"de"},{"@type":"Organization","@id":"https:\/\/kps-law.com\/en\/#organization","name":"KPS Kova\u010devi\u0107 Prpi\u0107 Simeunovi\u0107","url":"https:\/\/kps-law.com\/en\/","logo":{"@type":"ImageObject","inLanguage":"de","@id":"https:\/\/kps-law.com\/en\/#\/schema\/logo\/image\/","url":"https:\/\/kps-law.com\/wp-content\/uploads\/2019\/11\/logo-KPS-2x-dark.png","contentUrl":"https:\/\/kps-law.com\/wp-content\/uploads\/2019\/11\/logo-KPS-2x-dark.png","width":724,"height":140,"caption":"KPS Kova\u010devi\u0107 Prpi\u0107 Simeunovi\u0107"},"image":{"@id":"https:\/\/kps-law.com\/en\/#\/schema\/logo\/image\/"},"sameAs":["https:\/\/www.linkedin.com\/company\/kova\u010devi\u0107-prpi\u0107-simeunovi\u0107\/"]},{"@type":"Person","@id":"https:\/\/kps-law.com\/en\/#\/schema\/person\/436930b7be67bab30d4e1bfb0e62c54e","name":"klwadmin","url":"https:\/\/kps-law.com\/de\/author\/klwadmin\/"}]}},"_links":{"self":[{"href":"https:\/\/kps-law.com\/de\/wp-json\/wp\/v2\/posts\/27327"}],"collection":[{"href":"https:\/\/kps-law.com\/de\/wp-json\/wp\/v2\/posts"}],"about":[{"href":"https:\/\/kps-law.com\/de\/wp-json\/wp\/v2\/types\/post"}],"author":[{"embeddable":true,"href":"https:\/\/kps-law.com\/de\/wp-json\/wp\/v2\/users\/3"}],"replies":[{"embeddable":true,"href":"https:\/\/kps-law.com\/de\/wp-json\/wp\/v2\/comments?post=27327"}],"version-history":[{"count":0,"href":"https:\/\/kps-law.com\/de\/wp-json\/wp\/v2\/posts\/27327\/revisions"}],"wp:featuredmedia":[{"embeddable":true,"href":"https:\/\/kps-law.com\/de\/wp-json\/wp\/v2\/media\/27324"}],"wp:attachment":[{"href":"https:\/\/kps-law.com\/de\/wp-json\/wp\/v2\/media?parent=27327"}],"wp:term":[{"taxonomy":"category","embeddable":true,"href":"https:\/\/kps-law.com\/de\/wp-json\/wp\/v2\/categories?post=27327"},{"taxonomy":"post_tag","embeddable":true,"href":"https:\/\/kps-law.com\/de\/wp-json\/wp\/v2\/tags?post=27327"}],"curies":[{"name":"wp","href":"https:\/\/api.w.org\/{rel}","templated":true}]}}